{"id":23383,"date":"2022-05-28T15:46:57","date_gmt":"2022-05-28T15:46:57","guid":{"rendered":"https:\/\/www.hotelposeidon.it\/mimo-sezonu-sedm-plus-jeden-duvodu-proc-se-vydat-na-dovolenou-do-san-benedetta-del-tronto\/"},"modified":"2024-02-21T17:21:45","modified_gmt":"2024-02-21T17:21:45","slug":"mimo-sezonu-sedm-plus-jeden-duvodu-proc-se-vydat-na-dovolenou-do-san-benedetta-del-tronto","status":"publish","type":"post","link":"https:\/\/www.hotelposeidon.it\/cs\/mimo-sezonu-sedm-plus-jeden-duvodu-proc-se-vydat-na-dovolenou-do-san-benedetta-del-tronto\/","title":{"rendered":"Mimo sez\u00f3nu: sedm (plus jeden) d\u016fvod\u016f, pro\u010d se vydat na dovolenou do San Benedetta del Tronto"},"content":{"rendered":"<section class=\"vc_row wpb_row vc_row-fluid  vc_custom_1653753013079\"><div class=\"wpb_column vc_column_container vc_col-sm-6  col-xs-mobile-fullwidth\"><div class=\"vc_column-inner \"><div class=\"wpb_wrapper\">[vc_single_image image=&#8220;22491&#8243; img_size=&#8220;full&#8220;]<\/div><\/div><\/div><div class=\"wpb_column vc_column_container vc_col-sm-6  col-xs-mobile-fullwidth\"><div class=\"vc_column-inner \"><div class=\"wpb_wrapper\">[vc_custom_heading text=&#8220;San Benedetto del Tronto: ide\u00e1ln\u00ed destinace mimo sez\u00f3nu&#8220; font_container=&#8220;tag:h2|font_size:28px|text_align:left|color:%230473aa|line_height:32px&#8220; google_fonts=&#8220;font_family:Montserrat%3Aregular%2C700|font_style:700%20bold%20regular%3A700%3Anormal&#8220;]<div class=\"last-paragraph-no-margin\"><p><em><strong>San Benedetto del Tronto<\/strong> je zn\u00e1m\u00e9 a proslul\u00e9 jako ide\u00e1ln\u00ed m\u00edsto pro str\u00e1ven\u00ed <strong>letn\u00ed dovolen\u00e9<\/strong>. D\u00edky mo\u0159i <strong>ocen\u011bn\u00e9mu modrou vlajkou<\/strong>, <strong>p\u00edse\u010dn\u00fdm pl\u00e1\u017e\u00edm<\/strong> a m\u011blk\u00e9mu mo\u0159i je ji\u017e v\u00edce ne\u017e sto let obl\u00edben\u00fdm c\u00edlem italsk\u00e9 i mezin\u00e1rodn\u00ed <strong>p\u0159\u00edmo\u0159sk\u00e9 turistiky<\/strong>.<\/em><\/p>\n<p>Hotelov\u00e1 pohostinnost, kter\u00e1 je obzvl\u00e1\u0161t\u011b pozorn\u00e1 k pot\u0159eb\u00e1m rodin, a mo\u017enost snadn\u00e9ho pohybu po m\u011bst\u011b p\u011b\u0161ky nebo na kole zp\u016fsobuj\u00ed, \u017ee se turist\u00e9 \u010dasto vracej\u00ed do San Benedetta del Tronto ka\u017ed\u00fd rok, aby zde str\u00e1vili svou dovolenou a nav\u017edy se spoutali s kouzlem tohoto m\u00edsta. My, zam\u011bstnanci<strong>hotelu Poseidon<\/strong>, jsme v\u017edy p\u0159ipraveni poradit host\u016fm, jak si u\u017e\u00edt dovolenou naplno: zjist\u011bte s n\u00e1mi, pro\u010d byste m\u011bli jet na dovolenou do San Benedetta del Tronto i mimo sez\u00f3nu!<\/p>\n<\/div><\/div><\/div><\/div><\/section><section data-vc-full-width=\"true\" data-vc-full-width-init=\"false\" class=\"vc_row wpb_row vc_row-fluid tuttotestobianco vc_custom_1653846616362 vc_row-has-fill pofo-stretch-content pofo-stretch-row-container\"><div class=\"wpb_column vc_column_container vc_col-sm-12  col-xs-mobile-fullwidth\"><div class=\"vc_column-inner \"><div class=\"wpb_wrapper\"><div class=\"last-paragraph-no-margin\"><p><strong>San Benedetto del Tronto<\/strong> je v\u017edy dobrou volbou v ka\u017ed\u00e9m ro\u010dn\u00edm obdob\u00ed, a to <strong>i mimo sez\u00f3nu<\/strong>.<\/p>\n<p>Na str\u00e1nk\u00e1ch  zrenovovan\u00e1 <strong>promen\u00e1da<\/strong>, h\u0159i\u0161t\u011b v\u017edy pln\u00e9 \u017eivota a obchod\u016f.  charakteristick\u00e1 <strong>m\u00edsta<\/strong> vhodn\u00e1 pro ka\u017edou chu\u0165, kde se nejmodern\u011bj\u0161\u00ed chut\u011b m\u00eds\u00ed s d\u00e1vn\u00fdmi kulin\u00e1\u0159sk\u00fdmi tradicemi; kouzlo m\u00edst, kde jako by se zastavil \u010das, jako je nap\u0159.  <strong>p\u0159\u00edstav<\/strong>  s ruchem lod\u00ed, ryb\u00edm trhem, ryb\u00edmi st\u00e1nky a  <strong>STAR\u00dd P\u0158\u00cdPAD<\/strong>s mohutnou v\u011b\u017e\u00ed ty\u010d\u00edc\u00ed se nad m\u011bstem a pak s  <strong>maj\u00e1k<\/strong>kter\u00e1 st\u00e1le prov\u00e1z\u00ed n\u00e1mo\u0159n\u00edky noc\u00ed: to v\u0161e a mnoho dal\u0161\u00edho d\u011bl\u00e1 ze San Benedetta ide\u00e1ln\u00ed turistickou destinaci, kter\u00e1 je v\u017edy, na  <strong>Kv\u011bten<\/strong>  jako v  <strong>z\u00e1\u0159\u00ed<\/strong>.<\/p>\n<p>Poj\u010fme se bl\u00ed\u017ee pod\u00edvat na to, co toto okouzluj\u00edc\u00ed m\u011bsto v provincii Ascoli Piceno, oblasti zn\u00e1m\u00e9 jako <em><br \/>\n  <strong>Palmov\u00e1 rivi\u00e9ra<\/strong><br \/>\n<\/em> pro \u0161irok\u00e9 roz\u0161\u00ed\u0159en\u00ed tohoto druhu na cel\u00e9m \u00fazem\u00ed, kter\u00e9 mu dod\u00e1v\u00e1 zvl\u00e1\u0161tn\u00ed <strong>exotick\u00fd<\/strong> charakter.<\/p>\n<\/div><\/div><\/div><\/div><\/section><div class=\"vc_row-full-width vc_clearfix\"><\/div><section data-vc-full-width=\"true\" data-vc-full-width-init=\"false\" class=\"vc_row wpb_row vc_row-fluid  vc_custom_1653753779024 vc_row-has-fill pofo-stretch-content pofo-stretch-row-container\"><div class=\"wpb_column vc_column_container vc_col-sm-12  col-xs-mobile-fullwidth\"><div class=\"vc_column-inner \"><div class=\"wpb_wrapper\">[vc_custom_heading text=&#8220;1. Chcete se pohybovat po m\u011bst\u011b bez pou\u017eit\u00ed auta, ale p\u011b\u0161ky nebo na kole, brusl\u00edch \u010di kolob\u011b\u017ece? M\u016f\u017eete&#8220; font_container=&#8220;tag:h2|font_size:28px|text_align:left|color:%230473aa|line_height:32px&#8220; google_fonts=&#8220;font_family:Montserrat%3Aregular%2C700|font_style:700%20bold%20regular%3A700%3Anormal&#8220;][vc_single_image image=&#8220;22665&#8243; img_size=&#8220;full&#8220;]<div class=\"last-paragraph-no-margin\"><p>San Benedetto del Tronto nab\u00edz\u00ed sv\u00fdm obyvatel\u016fm a n\u00e1v\u0161t\u011bvn\u00edk\u016fm mo\u017enost zapomenout na auto, proto\u017ee <strong>pohyb p\u011b\u0161ky nebo na kole je opravdu snadn\u00fd a p\u0159\u00edjemn\u00fd<\/strong> v ka\u017ed\u00e9m ro\u010dn\u00edm obdob\u00ed. <strong>Rovinat\u00e9 ulice<\/strong> a<strong> m\u00edrn\u00e9 klima<\/strong> po v\u011bt\u0161inu roku vyb\u00edzej\u00ed k proch\u00e1zk\u00e1m po cel\u00e9m m\u011bst\u011b a pobytu na \u010derstv\u00e9m vzduchu.<\/p>\n<p>Ide\u00e1ln\u00edm c\u00edlem pro nejdel\u0161\u00ed proch\u00e1zku byl v\u017edy  <strong>n\u00e1b\u0159e\u017e\u00ed:<\/strong>  se t\u00e1hne pod\u00e9l Jadersk\u00e9ho mo\u0159e v d\u00e9lce t\u00e9m\u011b\u0159 5 km a rozv\u00edj\u00ed se od  <strong>Rotunda v Porto d&#8217;Ascoli<\/strong>turistick\u00e9 centrum, kde se nach\u00e1z\u00ed hotelov\u00e9 a turistick\u00e9 za\u0159\u00edzen\u00ed, stejn\u011b jako<strong>Hotel Poseidon<\/strong>a\u017e do<strong>  N\u00e1m\u011bst\u00ed Giorgini<\/strong>v centru star\u00e9ho n\u00e1mo\u0159n\u00edho m\u011bsta. V\u017edy byl zast\u00edn\u011bn borovicemi, lipami, palmami, tamary\u0161ky a \u017eiv\u00fdmi ploty, ale ned\u00e1vno byl renovov\u00e1n a obohacen o <strong>mal\u00e9<\/strong> botanick\u00e9 <strong>zahrady,<\/strong> kter\u00e9 umoc\u0148uj\u00ed jeho exotick\u00fd p\u016fvab. D\u00edky rozs\u00e1hl\u00fdm p\u011b\u0161\u00edm a cyklistick\u00fdm z\u00f3n\u00e1m si ho m\u016f\u017eete prohl\u00e9dnout p\u011b\u0161ky, na kole nebo na elektrick\u00e9 kolob\u011b\u017ece. <strong>Hotel Poseidon poskytuje sv\u00fdm host\u016fm podle dostupnosti j\u00edzdn\u00ed kola pro prohl\u00eddku m\u011bsta a jeho okol\u00ed<\/strong>. Ti sportovn\u011bji zalo\u017een\u00ed mohou d\u00edky nov\u00e9<strong> meziobecn\u00ed s\u00edti cyklostezek<\/strong> pokra\u010dovat v j\u00edzd\u011b na kole do nedalek\u00e9ho Grottammare a Cupramarittima.<\/p>\n<\/div><\/div><\/div><\/div><\/section><div class=\"vc_row-full-width vc_clearfix\"><\/div><section data-vc-full-width=\"true\" data-vc-full-width-init=\"false\" data-vc-stretch-content=\"true\" class=\"vc_row wpb_row vc_row-fluid  vc_custom_1653846373001 vc_row-has-fill pofo-stretch-content\"><div class=\"wpb_column vc_column_container vc_col-sm-6  col-xs-mobile-fullwidth\"><div class=\"vc_column-inner \"><div class=\"wpb_wrapper\"><div id=\"pofo-image-slider-1\" class=\"swiper-container height-100 width-100 white-move swiper-container-horizontal pofo-image-style7 pofo-image-slider-1  black-move pofo-slider7 pofo-slider7-1\" data-slider-options=\"{&quot;keyboard&quot;:true,&quot;slidesPerView&quot;:1,&quot;autoplay&quot;:false,&quot;pagination&quot;:{&quot;el&quot;:&quot;.swiper-pagination-1&quot;,&quot;type&quot;:&quot;bullets&quot;,&quot;clickable&quot;:true},&quot;navigation&quot;:{&quot;nextEl&quot;:&quot;.swiper-next-1&quot;,&quot;prevEl&quot;:&quot;.swiper-prev-1&quot;}}\"><div class=\"swiper-wrapper\"><div class=\"swiper-slide\" data-swiper-slide-index=\"0\"><div class=\"container-fluid no-padding\"><div class=\"col-lg-12 no-padding text-center\"><img loading=\"lazy\" decoding=\"async\" src=\"https:\/\/www.hotelposeidon.it\/wp-content\/uploads\/2022\/05\/molo-sud-san-benedetto-del-tronto-passeggiata-museo-arte-mare-3.jpg\" class=\"width-100\" width=\"1534\" height=\"1024\" alt=\"\" srcset=\"https:\/\/www.hotelposeidon.it\/wp-content\/uploads\/2022\/05\/molo-sud-san-benedetto-del-tronto-passeggiata-museo-arte-mare-3.jpg 1534w, https:\/\/www.hotelposeidon.it\/wp-content\/uploads\/2022\/05\/molo-sud-san-benedetto-del-tronto-passeggiata-museo-arte-mare-3-300x200.jpg 300w, https:\/\/www.hotelposeidon.it\/wp-content\/uploads\/2022\/05\/molo-sud-san-benedetto-del-tronto-passeggiata-museo-arte-mare-3-1024x684.jpg 1024w, https:\/\/www.hotelposeidon.it\/wp-content\/uploads\/2022\/05\/molo-sud-san-benedetto-del-tronto-passeggiata-museo-arte-mare-3-768x513.jpg 768w, https:\/\/www.hotelposeidon.it\/wp-content\/uploads\/2022\/05\/molo-sud-san-benedetto-del-tronto-passeggiata-museo-arte-mare-3-1155x771.jpg 1155w, https:\/\/www.hotelposeidon.it\/wp-content\/uploads\/2022\/05\/molo-sud-san-benedetto-del-tronto-passeggiata-museo-arte-mare-3-120x80.jpg 120w, https:\/\/www.hotelposeidon.it\/wp-content\/uploads\/2022\/05\/molo-sud-san-benedetto-del-tronto-passeggiata-museo-arte-mare-3-81x54.jpg 81w\" sizes=\"auto, (max-width: 1534px) 100vw, 1534px\"\/><\/div><\/div><\/div><div class=\"swiper-slide\" data-swiper-slide-index=\"0\"><div class=\"container-fluid no-padding\"><div class=\"col-lg-12 no-padding text-center\"><img loading=\"lazy\" decoding=\"async\" src=\"https:\/\/www.hotelposeidon.it\/wp-content\/uploads\/2022\/05\/molo-sud-san-benedetto-del-tronto-museo-arte-mare-1.jpg\" class=\"width-100\" width=\"1534\" height=\"1024\" alt=\"\" srcset=\"https:\/\/www.hotelposeidon.it\/wp-content\/uploads\/2022\/05\/molo-sud-san-benedetto-del-tronto-museo-arte-mare-1.jpg 1534w, https:\/\/www.hotelposeidon.it\/wp-content\/uploads\/2022\/05\/molo-sud-san-benedetto-del-tronto-museo-arte-mare-1-300x200.jpg 300w, https:\/\/www.hotelposeidon.it\/wp-content\/uploads\/2022\/05\/molo-sud-san-benedetto-del-tronto-museo-arte-mare-1-1024x684.jpg 1024w, https:\/\/www.hotelposeidon.it\/wp-content\/uploads\/2022\/05\/molo-sud-san-benedetto-del-tronto-museo-arte-mare-1-768x513.jpg 768w, https:\/\/www.hotelposeidon.it\/wp-content\/uploads\/2022\/05\/molo-sud-san-benedetto-del-tronto-museo-arte-mare-1-1155x771.jpg 1155w, https:\/\/www.hotelposeidon.it\/wp-content\/uploads\/2022\/05\/molo-sud-san-benedetto-del-tronto-museo-arte-mare-1-120x80.jpg 120w, https:\/\/www.hotelposeidon.it\/wp-content\/uploads\/2022\/05\/molo-sud-san-benedetto-del-tronto-museo-arte-mare-1-81x54.jpg 81w\" sizes=\"auto, (max-width: 1534px) 100vw, 1534px\"\/><\/div><\/div><\/div><div class=\"swiper-slide\" data-swiper-slide-index=\"0\"><div class=\"container-fluid no-padding\"><div class=\"col-lg-12 no-padding text-center\"><img loading=\"lazy\" decoding=\"async\" src=\"https:\/\/www.hotelposeidon.it\/wp-content\/uploads\/2022\/05\/molo-sud-san-benedetto-del-tronto-museo-arte-mare-2.jpg\" class=\"width-100\" width=\"1534\" height=\"1024\" alt=\"\" srcset=\"https:\/\/www.hotelposeidon.it\/wp-content\/uploads\/2022\/05\/molo-sud-san-benedetto-del-tronto-museo-arte-mare-2.jpg 1534w, https:\/\/www.hotelposeidon.it\/wp-content\/uploads\/2022\/05\/molo-sud-san-benedetto-del-tronto-museo-arte-mare-2-300x200.jpg 300w, https:\/\/www.hotelposeidon.it\/wp-content\/uploads\/2022\/05\/molo-sud-san-benedetto-del-tronto-museo-arte-mare-2-1024x684.jpg 1024w, https:\/\/www.hotelposeidon.it\/wp-content\/uploads\/2022\/05\/molo-sud-san-benedetto-del-tronto-museo-arte-mare-2-768x513.jpg 768w, https:\/\/www.hotelposeidon.it\/wp-content\/uploads\/2022\/05\/molo-sud-san-benedetto-del-tronto-museo-arte-mare-2-1155x771.jpg 1155w, https:\/\/www.hotelposeidon.it\/wp-content\/uploads\/2022\/05\/molo-sud-san-benedetto-del-tronto-museo-arte-mare-2-120x80.jpg 120w, https:\/\/www.hotelposeidon.it\/wp-content\/uploads\/2022\/05\/molo-sud-san-benedetto-del-tronto-museo-arte-mare-2-81x54.jpg 81w\" sizes=\"auto, (max-width: 1534px) 100vw, 1534px\"\/><\/div><\/div><\/div><div class=\"swiper-slide\" data-swiper-slide-index=\"0\"><div class=\"container-fluid no-padding\"><div class=\"col-lg-12 no-padding text-center\"><img loading=\"lazy\" decoding=\"async\" src=\"https:\/\/www.hotelposeidon.it\/wp-content\/uploads\/2022\/05\/molo-sud-san-benedetto-del-tronto-museo-arte-mare-3.jpg\" class=\"width-100\" width=\"1534\" height=\"1024\" alt=\"\" srcset=\"https:\/\/www.hotelposeidon.it\/wp-content\/uploads\/2022\/05\/molo-sud-san-benedetto-del-tronto-museo-arte-mare-3.jpg 1534w, https:\/\/www.hotelposeidon.it\/wp-content\/uploads\/2022\/05\/molo-sud-san-benedetto-del-tronto-museo-arte-mare-3-300x200.jpg 300w, https:\/\/www.hotelposeidon.it\/wp-content\/uploads\/2022\/05\/molo-sud-san-benedetto-del-tronto-museo-arte-mare-3-1024x684.jpg 1024w, https:\/\/www.hotelposeidon.it\/wp-content\/uploads\/2022\/05\/molo-sud-san-benedetto-del-tronto-museo-arte-mare-3-768x513.jpg 768w, https:\/\/www.hotelposeidon.it\/wp-content\/uploads\/2022\/05\/molo-sud-san-benedetto-del-tronto-museo-arte-mare-3-1155x771.jpg 1155w, https:\/\/www.hotelposeidon.it\/wp-content\/uploads\/2022\/05\/molo-sud-san-benedetto-del-tronto-museo-arte-mare-3-120x80.jpg 120w, https:\/\/www.hotelposeidon.it\/wp-content\/uploads\/2022\/05\/molo-sud-san-benedetto-del-tronto-museo-arte-mare-3-81x54.jpg 81w\" sizes=\"auto, (max-width: 1534px) 100vw, 1534px\"\/><\/div><\/div><\/div><div class=\"swiper-slide\" data-swiper-slide-index=\"0\"><div class=\"container-fluid no-padding\"><div class=\"col-lg-12 no-padding text-center\"><img loading=\"lazy\" decoding=\"async\" src=\"https:\/\/www.hotelposeidon.it\/wp-content\/uploads\/2022\/05\/molo-sud-san-benedetto-del-tronto-museo-arte-mare-4.jpg\" class=\"width-100\" width=\"1534\" height=\"1024\" alt=\"\" srcset=\"https:\/\/www.hotelposeidon.it\/wp-content\/uploads\/2022\/05\/molo-sud-san-benedetto-del-tronto-museo-arte-mare-4.jpg 1534w, https:\/\/www.hotelposeidon.it\/wp-content\/uploads\/2022\/05\/molo-sud-san-benedetto-del-tronto-museo-arte-mare-4-300x200.jpg 300w, https:\/\/www.hotelposeidon.it\/wp-content\/uploads\/2022\/05\/molo-sud-san-benedetto-del-tronto-museo-arte-mare-4-1024x684.jpg 1024w, https:\/\/www.hotelposeidon.it\/wp-content\/uploads\/2022\/05\/molo-sud-san-benedetto-del-tronto-museo-arte-mare-4-768x513.jpg 768w, https:\/\/www.hotelposeidon.it\/wp-content\/uploads\/2022\/05\/molo-sud-san-benedetto-del-tronto-museo-arte-mare-4-1155x771.jpg 1155w, https:\/\/www.hotelposeidon.it\/wp-content\/uploads\/2022\/05\/molo-sud-san-benedetto-del-tronto-museo-arte-mare-4-120x80.jpg 120w, https:\/\/www.hotelposeidon.it\/wp-content\/uploads\/2022\/05\/molo-sud-san-benedetto-del-tronto-museo-arte-mare-4-81x54.jpg 81w\" sizes=\"auto, (max-width: 1534px) 100vw, 1534px\"\/><\/div><\/div><\/div><div class=\"swiper-slide\" data-swiper-slide-index=\"0\"><div class=\"container-fluid no-padding\"><div class=\"col-lg-12 no-padding text-center\"><img loading=\"lazy\" decoding=\"async\" src=\"https:\/\/www.hotelposeidon.it\/wp-content\/uploads\/2022\/05\/molo-sud-san-benedetto-del-tronto-museo-arte-mare-5.jpg\" class=\"width-100\" width=\"1534\" height=\"1024\" alt=\"\" srcset=\"https:\/\/www.hotelposeidon.it\/wp-content\/uploads\/2022\/05\/molo-sud-san-benedetto-del-tronto-museo-arte-mare-5.jpg 1534w, https:\/\/www.hotelposeidon.it\/wp-content\/uploads\/2022\/05\/molo-sud-san-benedetto-del-tronto-museo-arte-mare-5-300x200.jpg 300w, https:\/\/www.hotelposeidon.it\/wp-content\/uploads\/2022\/05\/molo-sud-san-benedetto-del-tronto-museo-arte-mare-5-1024x684.jpg 1024w, https:\/\/www.hotelposeidon.it\/wp-content\/uploads\/2022\/05\/molo-sud-san-benedetto-del-tronto-museo-arte-mare-5-768x513.jpg 768w, https:\/\/www.hotelposeidon.it\/wp-content\/uploads\/2022\/05\/molo-sud-san-benedetto-del-tronto-museo-arte-mare-5-1155x771.jpg 1155w, https:\/\/www.hotelposeidon.it\/wp-content\/uploads\/2022\/05\/molo-sud-san-benedetto-del-tronto-museo-arte-mare-5-120x80.jpg 120w, https:\/\/www.hotelposeidon.it\/wp-content\/uploads\/2022\/05\/molo-sud-san-benedetto-del-tronto-museo-arte-mare-5-81x54.jpg 81w\" sizes=\"auto, (max-width: 1534px) 100vw, 1534px\"\/><\/div><\/div><\/div><div class=\"swiper-slide\" data-swiper-slide-index=\"0\"><div class=\"container-fluid no-padding\"><div class=\"col-lg-12 no-padding text-center\"><img loading=\"lazy\" decoding=\"async\" src=\"https:\/\/www.hotelposeidon.it\/wp-content\/uploads\/2022\/05\/molo-sud-san-benedetto-del-tronto-passeggiata-museo-arte-mare.jpg\" class=\"width-100\" width=\"1534\" height=\"1024\" alt=\"\" srcset=\"https:\/\/www.hotelposeidon.it\/wp-content\/uploads\/2022\/05\/molo-sud-san-benedetto-del-tronto-passeggiata-museo-arte-mare.jpg 1534w, https:\/\/www.hotelposeidon.it\/wp-content\/uploads\/2022\/05\/molo-sud-san-benedetto-del-tronto-passeggiata-museo-arte-mare-300x200.jpg 300w, https:\/\/www.hotelposeidon.it\/wp-content\/uploads\/2022\/05\/molo-sud-san-benedetto-del-tronto-passeggiata-museo-arte-mare-1024x684.jpg 1024w, https:\/\/www.hotelposeidon.it\/wp-content\/uploads\/2022\/05\/molo-sud-san-benedetto-del-tronto-passeggiata-museo-arte-mare-768x513.jpg 768w, https:\/\/www.hotelposeidon.it\/wp-content\/uploads\/2022\/05\/molo-sud-san-benedetto-del-tronto-passeggiata-museo-arte-mare-1155x771.jpg 1155w, https:\/\/www.hotelposeidon.it\/wp-content\/uploads\/2022\/05\/molo-sud-san-benedetto-del-tronto-passeggiata-museo-arte-mare-120x80.jpg 120w, https:\/\/www.hotelposeidon.it\/wp-content\/uploads\/2022\/05\/molo-sud-san-benedetto-del-tronto-passeggiata-museo-arte-mare-81x54.jpg 81w\" sizes=\"auto, (max-width: 1534px) 100vw, 1534px\"\/><\/div><\/div><\/div><div class=\"swiper-slide\" data-swiper-slide-index=\"0\"><div class=\"container-fluid no-padding\"><div class=\"col-lg-12 no-padding text-center\"><img loading=\"lazy\" decoding=\"async\" src=\"https:\/\/www.hotelposeidon.it\/wp-content\/uploads\/2022\/05\/molo-sud-san-benedetto-del-tronto-passeggiata-museo-arte-mare-2.jpg\" class=\"width-100\" width=\"1534\" height=\"1024\" alt=\"\" srcset=\"https:\/\/www.hotelposeidon.it\/wp-content\/uploads\/2022\/05\/molo-sud-san-benedetto-del-tronto-passeggiata-museo-arte-mare-2.jpg 1534w, https:\/\/www.hotelposeidon.it\/wp-content\/uploads\/2022\/05\/molo-sud-san-benedetto-del-tronto-passeggiata-museo-arte-mare-2-300x200.jpg 300w, https:\/\/www.hotelposeidon.it\/wp-content\/uploads\/2022\/05\/molo-sud-san-benedetto-del-tronto-passeggiata-museo-arte-mare-2-1024x684.jpg 1024w, https:\/\/www.hotelposeidon.it\/wp-content\/uploads\/2022\/05\/molo-sud-san-benedetto-del-tronto-passeggiata-museo-arte-mare-2-768x513.jpg 768w, https:\/\/www.hotelposeidon.it\/wp-content\/uploads\/2022\/05\/molo-sud-san-benedetto-del-tronto-passeggiata-museo-arte-mare-2-1155x771.jpg 1155w, https:\/\/www.hotelposeidon.it\/wp-content\/uploads\/2022\/05\/molo-sud-san-benedetto-del-tronto-passeggiata-museo-arte-mare-2-120x80.jpg 120w, https:\/\/www.hotelposeidon.it\/wp-content\/uploads\/2022\/05\/molo-sud-san-benedetto-del-tronto-passeggiata-museo-arte-mare-2-81x54.jpg 81w\" sizes=\"auto, (max-width: 1534px) 100vw, 1534px\"\/><\/div><\/div><\/div><\/div><div class=\"swiper-pagination  swiper-pagination-black swiper-pagination-1\"><\/div><div class=\"swiper-button-next swiper-next-1 slider-long-arrow-white\"><\/div>\n                                        <div class=\"swiper-button-prev swiper-prev-1 slider-long-arrow-white\"><\/div><\/div><\/div><\/div><\/div><div class=\"wpb_column vc_column_container vc_col-sm-6  col-xs-mobile-fullwidth\"><div class=\"vc_column-inner \"><div class=\"wpb_wrapper\">[vc_custom_heading text=&#8220;2. Chcete se proch\u00e1zet a obdivovat muzeum um\u011bn\u00ed vytesan\u00e9 do sk\u00e1ly? M\u016f\u017eete&#8220; font_container=&#8220;tag:h2|font_size:28px|text_align:left|color:%230473aa|line_height:32px&#8220; google_fonts=&#8220;font_family:Montserrat%3Aregular%2C700|font_style:700%20bold%20regular%3A700%3Anormal&#8220;]<div class=\"last-paragraph-no-margin\"><p>Ano, \u010dtete spr\u00e1vn\u011b! V San Benedettu del Tronto se nach\u00e1z\u00ed <strong>skanzen, kter\u00fd se rozprost\u00edr\u00e1 sm\u011brem k modr\u00e9mu Jadersk\u00e9mu mo\u0159i<\/strong>. Po cyklostezce vedouc\u00ed pod\u00e9l n\u00e1b\u0159e\u017e\u00ed se dostanete k jednomu z nejkr\u00e1sn\u011bj\u0161\u00edch a nejp\u016fsobiv\u011bj\u0161\u00edch v\u00fdhled\u016f na toto m\u011bsto, k zahrad\u011b &#8222;nuttate de Luna&#8220;. Zde le\u017e\u00ed <strong>pam\u00e1tn\u00edk historie mo\u0159eplavby v San Benedettu<\/strong>, p\u0159\u00ed\u010f ryb\u00e1\u0159sk\u00e9 lodi <strong>Genevieve<\/strong>. Za zat\u00e1\u010dkou lemovanou bujn\u00fdmi oleandry se otev\u00edr\u00e1 \u00fachvatn\u00e1 p\u0159\u00edrodn\u00ed pod\u00edvan\u00e1, v n\u00ed\u017e zele\u0148 tr\u00e1vn\u00edku obj\u00edm\u00e1 horizont zlatav\u00e9ho mo\u0159e, kter\u00e9 n\u00e1v\u0161t\u011bvn\u00edka doprov\u00e1z\u00ed k ji\u017en\u00edmu molu, jednomu ze dvou ramen p\u0159\u00edstavu. <strong>V\u016fn\u011b mo\u0159e<\/strong> nesen\u00e1 jemn\u00fdm v\u00e1nkem a v\u00fdhled do v\u0161ech stran na vzd\u00e1len\u00e9 obzory \u010din\u00ed z <strong>ji\u017en\u00edho mola<\/strong> jedno z nej\u00fachvatn\u011bj\u0161\u00edch m\u00edst, kde si m\u016f\u017eete vychutnat ticho p\u0159eru\u0161ovan\u00e9 pouze \u0161plouch\u00e1n\u00edm vln t\u0159\u00ed\u0161t\u00edc\u00edch se o sk\u00e1ly. Zde se nach\u00e1z\u00ed <strong>Museo D&#8217;Arte Sul Mare (Muzeum um\u011bn\u00ed u mo\u0159e)<\/strong>, kter\u00e9 je v\u017edy otev\u0159eno a je p\u0159\u00edstupn\u00e9 zdarma. Je dlouh\u00e1 v\u00edce ne\u017e kilometr a tvo\u0159\u00ed ji <strong>135 soch<\/strong> vytesan\u00fdch do velk\u00fdch betonov\u00fdch blok\u016f a <strong>10 n\u00e1st\u011bnn\u00fdch maleb<\/strong>. Ka\u017edoro\u010dn\u011b ji obohacuj\u00ed nov\u00e1 d\u00edla um\u011blc\u016f z cel\u00e9ho sv\u011bta, kter\u00e9 p\u0159il\u00e1k\u00e1 akce <strong>Sculpture &amp; Painting Alive<\/strong>.<\/p>\n<\/div><\/div><\/div><\/div><\/section><div class=\"vc_row-full-width vc_clearfix\"><\/div><section data-vc-full-width=\"true\" data-vc-full-width-init=\"false\" class=\"vc_row wpb_row vc_row-fluid  vc_custom_1653846724378 pofo-stretch-content pofo-stretch-row-container\"><div class=\"wpb_column vc_column_container vc_col-sm-12  col-xs-mobile-fullwidth\"><div class=\"vc_column-inner \"><div class=\"wpb_wrapper\">[vc_custom_heading text=&#8220;3. Chcete si koupit a ochutnat \u010derstv\u00e9 a vo\u0148av\u00e9 ryby? M\u016f\u017eete&#8220; font_container=&#8220;tag:h2|font_size:28px|text_align:left|color:%230473aa|line_height:32px&#8220; google_fonts=&#8220;font_family:Montserrat%3Aregular%2C700|font_style:700%20bold%20regular%3A700%3Anormal&#8220;]<div class=\"last-paragraph-no-margin\"><p>Pokud si chcete koupit \u010derstv\u00e9 m\u00edstn\u00ed ryby, nejl\u00e9pe to ud\u011bl\u00e1te na <strong>ryb\u00edm trhu<\/strong> v p\u0159\u00edstavu. Zde se m\u016f\u017eete pono\u0159it do n\u00e1mo\u0159nick\u00fdch tradic, b\u00fdt sv\u011bdky p\u0159ist\u00e1v\u00e1n\u00ed ryb\u00e1\u0159sk\u00fdch lod\u00ed a charakteristick\u00e9ho <strong>prodeje ryb<\/strong>. M\u016f\u017eete tak\u00e9 vid\u011bt \u017eeny nebo mu\u017ee, kte\u0159\u00ed pracuj\u00ed se s\u00edt\u011bmi, opravuj\u00ed je nebo stav\u00ed nov\u00e9, aby se mohli vydat na dal\u0161\u00ed cestu na mo\u0159e. Ale m\u016f\u017eete se tak\u00e9 pohodln\u011b ubytovat: v<strong>hotelu Poseidon<\/strong> nab\u00edz\u00edme pro ty, kte\u0159\u00ed si zvol\u00ed <strong>plnou penzi<\/strong>, ka\u017ed\u00fd den <strong>ryb\u00ed menu s tradi\u010dn\u00edmi pokrmy<\/strong>! U\u017e jste n\u011bkdy ochutnali na\u0161e <strong>brodetto alla sambenedettese<\/strong>?<\/p>\n<\/div><\/div><\/div><\/div><\/section><div class=\"vc_row-full-width vc_clearfix\"><\/div><section data-vc-full-width=\"true\" data-vc-full-width-init=\"false\" class=\"vc_row wpb_row vc_row-fluid tuttotestobianco vc_custom_1653846622277 vc_row-has-fill pofo-stretch-content pofo-stretch-row-container\"><div class=\"wpb_column vc_column_container vc_col-sm-3  col-xs-mobile-fullwidth\"><div class=\"vc_column-inner \"><div class=\"wpb_wrapper\"><\/div><\/div><\/div><div class=\"wpb_column vc_column_container vc_col-sm-6  col-xs-mobile-fullwidth\"><div class=\"vc_column-inner \"><div class=\"wpb_wrapper\">[vc_single_image image=&#8220;22482&#8243; img_size=&#8220;full&#8220;][vc_custom_heading text=&#8220;4. Chcete se pono\u0159it do minulosti a znovu objevit starov\u011bk\u00e9 n\u00e1mo\u0159n\u00ed civilizace? M\u016f\u017eete&#8220; font_container=&#8220;tag:h2|font_size:28px|text_align:left|color:%230473aa|line_height:32px&#8220; google_fonts=&#8220;font_family:Montserrat%3Aregular%2C700|font_style:700%20bold%20regular%3A700%3Anormal&#8220;]<div class=\"last-paragraph-no-margin\"><p>Te\u010f, kdy\u017e jste si vychutnali v\u016fni mo\u0159e v jeho prav\u00e9m slova smyslu, m\u016f\u017eete pokra\u010dovat v proch\u00e1zce k <strong>Muzeu mo\u0159e<\/strong> na severn\u00edm molu. Zde se shroma\u017e\u010fuj\u00ed poklady, kter\u00e9 ryb\u00e1\u0159sk\u00e9 lod\u011b sambenedettsk\u00e9ho n\u00e1mo\u0159nictva nashrom\u00e1\u017edily v pr\u016fb\u011bhu let. Unik\u00e1tn\u00ed sb\u00edrka expon\u00e1t\u016f <strong>f\u00e9nick\u00e9ho<\/strong>, <strong>\u0159eck\u00e9ho<\/strong>, <strong>\u0159\u00edmsk\u00e9ho<\/strong> a <strong>byzantsk\u00e9ho<\/strong> p\u016fvodu. <strong>Amfory, akv\u00e1ria, kor\u00fd\u0161i<\/strong> a doklady mo\u0159eplaveck\u00e9 civilizace v\u00e1m p\u0159ibl\u00ed\u017e\u00ed starov\u011bk\u00e9 \u010dasy a podmo\u0159sk\u00e9 civilizace.<\/p>\n<\/div><\/div><\/div><\/div><div class=\"wpb_column vc_column_container vc_col-sm-3  col-xs-mobile-fullwidth\"><div class=\"vc_column-inner \"><div class=\"wpb_wrapper\"><\/div><\/div><\/div><\/section><div class=\"vc_row-full-width vc_clearfix\"><\/div><section data-vc-full-width=\"true\" data-vc-full-width-init=\"false\" class=\"vc_row wpb_row vc_row-fluid  vc_custom_1653846750610 pofo-stretch-content pofo-stretch-row-container\"><div class=\"wpb_column vc_column_container vc_col-sm-12  col-xs-mobile-fullwidth\"><div class=\"vc_column-inner \"><div class=\"wpb_wrapper\">[vc_single_image image=&#8220;22669&#8243; img_size=&#8220;full&#8220;][vc_custom_heading text=&#8220;5. Chcete kvalitn\u011b nakoupit a t\u0159eba ochutnat m\u00edstn\u00ed pochoutky? M\u016f\u017eete&#8220; font_container=&#8220;tag:h2|font_size:28px|text_align:left|color:%230473aa|line_height:32px&#8220; google_fonts=&#8220;font_family:Montserrat%3Aregular%2C700|font_style:700%20bold%20regular%3A700%3Anormal&#8220;]<div class=\"last-paragraph-no-margin\"><p>V t\u011bsn\u00e9 bl\u00edzkosti p\u0159\u00edstavu se nach\u00e1z\u00ed <strong>centrum m\u011bsta<\/strong>. Dlouh\u00fd p\u011b\u0161\u00ed bulv\u00e1r poset\u00fd<strong> podniky<\/strong> a <strong>um\u011bleck\u00fdmi d\u00edly<\/strong>. V centru San Benedetta, kter\u00e9 se t\u00e1hne od p\u0159\u00edstavu a\u017e ke star\u00e9 kasemat\u011b, najdete mnoho l\u00e1kadel k nakupov\u00e1n\u00ed: oble\u010den\u00ed, \u0161perky, kosmetiku, knihy, n\u00e1bytek. Ka\u017edou pot\u0159ebu lze uspokojit. Najdete zde mnoho stravovac\u00edch za\u0159\u00edzen\u00ed s bary, restauracemi, pizzeriemi a zmrzlin\u00e1rnami.<\/p>\n<p>San Benedetto del Tronto je v\u0161ak tak\u00e9 modern\u00ed m\u011bsto, kter\u00e9 jde s dobou a kde se minulost snoub\u00ed se sou\u010dasnost\u00ed v jedine\u010dn\u00e9 kombinaci. Centrum je toti\u017e poseto <strong>ve\u0159ejn\u00fdmi podniky s avantgardn\u00ed architekturou a modern\u00edm vkusem<\/strong>, kter\u00e9 nab\u00edzej\u00ed pokrmy z cel\u00e9ho sv\u011bta. Ale to nen\u00ed v\u0161echno! Centrum m\u011bsta je ide\u00e1ln\u00ed pro rodiny s <strong>d\u011btmi<\/strong>, je pln\u00e9 <strong>her a atrakc\u00ed pro d\u011bti<\/strong>, zejm\u00e9na pod velk\u00fdmi borovicemi kolem p\u011b\u0161\u00ed <strong>ulice Viale Buozzi<\/strong>.<\/p>\n<\/div><\/div><\/div><\/div><\/section><div class=\"vc_row-full-width vc_clearfix\"><\/div><section data-vc-full-width=\"true\" data-vc-full-width-init=\"false\" data-vc-stretch-content=\"true\" class=\"vc_row wpb_row vc_row-fluid  vc_custom_1653846373001 vc_row-has-fill pofo-stretch-content\"><div class=\"wpb_column vc_column_container vc_col-sm-6  col-xs-mobile-fullwidth\"><div class=\"vc_column-inner \"><div class=\"wpb_wrapper\">[vc_single_image image=&#8220;22634&#8243; img_size=&#8220;full&#8220;]<\/div><\/div><\/div><div class=\"wpb_column vc_column_container vc_col-sm-6  col-xs-mobile-fullwidth\"><div class=\"vc_column-inner \"><div class=\"wpb_wrapper\">[vc_custom_heading text=&#8220;6. Chcete nav\u0161t\u00edvit historick\u00e9 centrum, jeho\u017e ko\u0159eny sahaj\u00ed a\u017e do \u0159\u00edmsk\u00fdch dob? M\u016f\u017eete&#8220; font_container=&#8220;tag:h2|font_size:28px|text_align:left|color:%230473aa|line_height:32px&#8220; google_fonts=&#8220;font_family:Montserrat%3Aregular%2C700|font_style:700%20bold%20regular%3A700%3Anormal&#8220;]<div class=\"last-paragraph-no-margin\"><p>Nad m\u011bstem se ty\u010d\u00ed starobyl\u00e1 v\u011b\u017e Torre dei Gualtieri, pro obyvatele San Benedetta Torrione nebo &#8222;lu turri\u00f2&#8220;. Str\u00e1\u017en\u00ed v\u011b\u017e s jedine\u010dn\u00fdm \u0161esti\u00faheln\u00edkov\u00fdm p\u016fdorysem p\u0159ipom\u00ednaj\u00edc\u00edm trup lodi poch\u00e1z\u00ed z 12.-13. stolet\u00ed. Obsahuje dva velk\u00e9 zvony. Jeden z nich, v\u011bt\u0161\u00ed, v\u00e1\u017e\u00ed 6400 liber a poch\u00e1z\u00ed z roku 1853. N\u00e1v\u0161t\u011bva Torrione je mo\u017en\u00e1, ba p\u0159\u00edmo nutn\u00e1, proto\u017ee v\u00fdstup na vrchol ve v\u00fd\u0161ce 16,60 m poskytuje celkov\u00fd a \u00fachvatn\u00fd v\u00fdhled nejen na m\u011bsto San Benedetto del Tronto, ale i na v\u0161echna okoln\u00ed m\u011bsta. \u010cas zde odjak\u017eiva ukazuj\u00ed velk\u00e9 hodiny na fas\u00e1d\u011b tohoto velik\u00e1na a i dnes vyplouvaj\u00ed lod\u011b na mo\u0159e za zvuku odb\u00edjen\u00ed &#8222;lu turri\u00f2&#8220;.<\/p>\n<\/div><\/div><\/div><\/div><\/section><div class=\"vc_row-full-width vc_clearfix\"><\/div><section data-vc-full-width=\"true\" data-vc-full-width-init=\"false\" class=\"vc_row wpb_row vc_row-fluid  vc_custom_1653753779024 vc_row-has-fill pofo-stretch-content pofo-stretch-row-container\"><div class=\"wpb_column vc_column_container vc_col-sm-12  col-xs-mobile-fullwidth\"><div class=\"vc_column-inner \"><div class=\"wpb_wrapper\">[vc_single_image image=&#8220;22674&#8243; img_size=&#8220;full&#8220;][vc_custom_heading text=&#8220;7. Chcete hr\u00e1t fotbal, rugby, bruslit, hr\u00e1t tenis, plavat? M\u016f\u017eete&#8220; font_container=&#8220;tag:h2|font_size:28px|text_align:left|color:%230473aa|line_height:32px&#8220; google_fonts=&#8220;font_family:Montserrat%3Aregular%2C700|font_style:700%20bold%20regular%3A700%3Anormal&#8220;]<div class=\"last-paragraph-no-margin\"><p>Jste na dovolen\u00e9, ale p\u0159esto se nechcete vzd\u00e1t sv\u00fdch kon\u00ed\u010dk\u016f nebo v\u00e1\u0161n\u00ed? V San Benedettu del Tronto m\u016f\u017eete v srpnu, stejn\u011b jako mimo sez\u00f3nu, vyu\u017e\u00edt \u0161irok\u00e9 nab\u00eddky mo\u017enost\u00ed sportovn\u00edho vy\u017eit\u00ed. M\u011bstsk\u00e9 koupali\u0161t\u011b &#8222;Pino Gregori&#8220; v bl\u00edzkosti turistick\u00e9ho centra je vybaveno pro kurzy plav\u00e1n\u00ed, vodn\u00edho p\u00f3la a pot\u00e1p\u011bn\u00ed pro dosp\u011bl\u00e9 i d\u011bti. Pokud jste fanou\u0161ky fotbalu, nen\u00ed nouze o h\u0159i\u0161t\u011b, kde si m\u016f\u017eete zahr\u00e1t s p\u0159\u00e1teli nebo se sv\u00fdm t\u00fdmem. Je jich celkem \u0161est a jsou rozm\u00edst\u011bny v r\u016fzn\u00fdch \u010d\u00e1stech m\u011bsta. Sta\u010d\u00ed si vybrat tu, kter\u00e1 je nejbl\u00ed\u017ee va\u0161emu hotelu. V centru m\u011bsta je tak\u00e9 zbrusu nov\u00e9 ragbyov\u00e9 h\u0159i\u0161t\u011b a kr\u00e1sn\u00e9 kluzi\u0161t\u011b obklopen\u00e9 zelen\u00ed. Tenisov\u00fd klub &#8222;G. Maggioni&#8220; je ozdobou m\u011bsta. S deseti kurty, z nich\u017e dva jsou kryt\u00e9, a centr\u00e1ln\u00edm kurtem vybaven\u00fdm pro velk\u00e9 akce je ide\u00e1ln\u00edm m\u00edstem pro tr\u00e1ven\u00ed voln\u00e9ho \u010dasu p\u0159i v\u00fduce nebo hran\u00ed obl\u00edben\u00e9ho sportu.<\/p>\n<p>San Benedetto del Tronto je mal\u00e1 o\u00e1za klidu, kde zrychlen\u00e1 modern\u00ed doba ustupuje pomal\u00e9mu tempu, kter\u00e9 se vyzna\u010duje pouze pot\u011b\u0161en\u00edm z pozn\u00e1v\u00e1n\u00ed p\u0159\u00edrody a znovuobjevov\u00e1n\u00ed toho, co \u017eiv\u00ed du\u0161i.<\/p>\n<\/div><\/div><\/div><\/div><\/section><div class=\"vc_row-full-width vc_clearfix\"><\/div><section data-vc-full-width=\"true\" data-vc-full-width-init=\"false\" class=\"vc_row wpb_row vc_row-fluid  vc_custom_1653753779024 vc_row-has-fill pofo-stretch-content pofo-stretch-row-container\"><div class=\"wpb_column vc_column_container vc_col-sm-12  col-xs-mobile-fullwidth\"><div class=\"vc_column-inner \"><div class=\"wpb_wrapper\">[vc_custom_heading text=&#8220;+ 1. Chcete u\u0161et\u0159it pen\u00edze? M\u016f\u017eete&#8220; font_container=&#8220;tag:h2|font_size:28px|text_align:left|color:%230473aa|line_height:32px&#8220; google_fonts=&#8220;font_family:Montserrat%3Aregular%2C700|font_style:700%20bold%20regular%3A700%3Anormal&#8220;]<div class=\"last-paragraph-no-margin\"><p>Mimo sez\u00f3nu si toto v\u0161e m\u016f\u017eete zaru\u010dit v m\u00e9n\u011b chaotick\u00e9m m\u011bst\u011b s klidn\u011bj\u0161\u00edm tempem, men\u0161\u00edm provozem, v\u011bt\u0161\u00edm klidem a \u010dist\u011bj\u0161\u00edm mo\u0159em ne\u017e kdykoli p\u0159edt\u00edm. A v\u0161echno je levn\u011bj\u0161\u00ed: <a href=\"https:\/\/www.hotelposeidon.it\/cs\/kniha\/\"><br \/>\n  <strong>zkontrolujte dostupnost<\/strong><br \/>\n<\/a> a zjist\u011bte, kolik m\u016f\u017eete u\u0161et\u0159it! Vy\u0161\u0161\u00ed standardy kvality, maxim\u00e1ln\u00ed komfort bydlen\u00ed, ni\u017e\u0161\u00ed n\u00e1klady a<strong> m\u011bsto, kter\u00e9 je v\u00e1m i va\u0161\u00ed rodin\u011b pln\u011b k<\/strong> dispozici.<\/p>\n<\/div><\/div><\/div><\/div><\/section><div class=\"vc_row-full-width vc_clearfix\"><\/div>\n","protected":false},"excerpt":{"rendered":"[vc_single_image image=\"22491\" img_size=\"full\"][vc_custom_heading text=\"San Benedetto del Tronto: ide\u00e1ln\u00ed destinace mimo sez\u00f3nu\" font_container=\"tag:h2|font_size:28px|text_align:left|color:%230473aa|line_height:32px\" google_fonts=\"font_family:Montserrat%3Aregular%2C700|font_style:700%20bold%20regular%3A700%3Anormal\"]San Benedetto del Tronto je zn\u00e1m\u00e9 a proslul\u00e9 jako ide\u00e1ln\u00ed m\u00edsto pro str\u00e1ven\u00ed letn\u00ed dovolen\u00e9. D\u00edky mo\u0159i ocen\u011bn\u00e9mu modrou vlajkou, p\u00edse\u010dn\u00fdm pl\u00e1\u017e\u00edm a m\u011blk\u00e9mu mo\u0159i je ji\u017e v\u00edce ne\u017e sto let obl\u00edben\u00fdm c\u00edlem italsk\u00e9 i mezin\u00e1rodn\u00ed p\u0159\u00edmo\u0159sk\u00e9 turistiky. Hotelov\u00e1 pohostinnost, kter\u00e1 je obzvl\u00e1\u0161t\u011b pozorn\u00e1 k pot\u0159eb\u00e1m rodin, a mo\u017enost snadn\u00e9ho pohybu po m\u011bst\u011b p\u011b\u0161ky nebo na kole zp\u016fsobuj\u00ed, \u017ee se turist\u00e9 \u010dasto vracej\u00ed do San Benedetta del Tronto ka\u017ed\u00fd rok, aby zde str\u00e1vili svou dovolenou a nav\u017edy se spoutali s kouzlem tohoto m\u00edsta. My, zam\u011bstnancihotelu Poseidon, jsme v\u017edy p\u0159ipraveni poradit host\u016fm, jak si u\u017e\u00edt dovolenou naplno: zjist\u011bte s n\u00e1mi, pro\u010d byste m\u011bli jet na dovolenou do San Benedetta del Tronto i mimo sez\u00f3nu! San Benedetto del Tronto je v\u017edy dobrou volbou v ka\u017ed\u00e9m ro\u010dn\u00edm obdob\u00ed, a to i mimo sez\u00f3nu. Na str\u00e1nk\u00e1ch zrenovovan\u00e1 promen\u00e1da, h\u0159i\u0161t\u011b v\u017edy pln\u00e9 \u017eivota a obchod\u016f. charakteristick\u00e1 m\u00edsta vhodn\u00e1 pro ka\u017edou chu\u0165, kde se nejmodern\u011bj\u0161\u00ed chut\u011b m\u00eds\u00ed s d\u00e1vn\u00fdmi kulin\u00e1\u0159sk\u00fdmi tradicemi; kouzlo m\u00edst, kde jako by se zastavil \u010das, jako je nap\u0159. p\u0159\u00edstav s ruchem lod\u00ed, ryb\u00edm trhem, ryb\u00edmi st\u00e1nky a STAR\u00dd P\u0158\u00cdPADs mohutnou v\u011b\u017e\u00ed ty\u010d\u00edc\u00ed se nad m\u011bstem a pak s maj\u00e1kkter\u00e1 st\u00e1le...","protected":false},"author":1,"featured_media":23203,"comment_status":"open","ping_status":"open","sticky":false,"template":"","format":"standard","meta":{"inline_featured_image":false,"footnotes":""},"categories":[58],"tags":[60,61,62,59],"class_list":["post-23383","post","type-post","status-publish","format-standard","has-post-thumbnail","hentry","category-turisticke-informace","tag-muzeum-umeni-na-mori","tag-pristav-san-benedetto-del-tronto","tag-prochazky","tag-san-benedetto-del-tronto-cs"],"yoast_head":"<!-- This site is optimized with the Yoast SEO plugin v21.7 - https:\/\/yoast.com\/wordpress\/plugins\/seo\/ -->\n<title>Mimo sez\u00f3nu: sedm (plus jeden) d\u016fvod\u016f, pro\u010d se vydat na dovolenou do San Benedetta del Tronto - Hotel Poseidon San Benedetto del Tronto<\/title>\n<meta name=\"robots\" content=\"index, follow, max-snippet:-1, max-image-preview:large, max-video-preview:-1\" \/>\n<link rel=\"canonical\" href=\"https:\/\/www.hotelposeidon.it\/cs\/mimo-sezonu-sedm-plus-jeden-duvodu-proc-se-vydat-na-dovolenou-do-san-benedetta-del-tronto\/\" \/>\n<meta property=\"og:locale\" content=\"cs_CZ\" \/>\n<meta property=\"og:type\" content=\"article\" \/>\n<meta property=\"og:title\" content=\"Mimo sez\u00f3nu: sedm (plus jeden) d\u016fvod\u016f, pro\u010d se vydat na dovolenou do San Benedetta del Tronto - Hotel Poseidon San Benedetto del Tronto\" \/>\n<meta property=\"og:url\" content=\"https:\/\/www.hotelposeidon.it\/cs\/mimo-sezonu-sedm-plus-jeden-duvodu-proc-se-vydat-na-dovolenou-do-san-benedetta-del-tronto\/\" \/>\n<meta property=\"og:site_name\" content=\"Hotel Poseidon San Benedetto del Tronto\" \/>\n<meta property=\"article:published_time\" content=\"2022-05-28T15:46:57+00:00\" \/>\n<meta property=\"article:modified_time\" content=\"2024-02-21T17:21:45+00:00\" \/>\n<meta property=\"og:image\" content=\"https:\/\/www.hotelposeidon.it\/wp-content\/uploads\/2022\/05\/molo-sud-san-benedetto-del-tronto-museo-arte-mare-4.jpg\" \/>\n\t<meta property=\"og:image:width\" content=\"1534\" \/>\n\t<meta property=\"og:image:height\" content=\"1024\" \/>\n\t<meta property=\"og:image:type\" content=\"image\/jpeg\" \/>\n<meta name=\"author\" content=\"Hotel Poseidon\" \/>\n<meta name=\"twitter:card\" content=\"summary_large_image\" \/>\n<meta name=\"twitter:label1\" content=\"Napsal(a)\" \/>\n\t<meta name=\"twitter:data1\" content=\"Hotel Poseidon\" \/>\n\t<meta name=\"twitter:label2\" content=\"Odhadovan\u00e1 doba \u010dten\u00ed\" \/>\n\t<meta name=\"twitter:data2\" content=\"13 minut\" \/>\n<script type=\"application\/ld+json\" class=\"yoast-schema-graph\">{\"@context\":\"https:\/\/schema.org\",\"@graph\":[{\"@type\":\"WebPage\",\"@id\":\"https:\/\/www.hotelposeidon.it\/cs\/mimo-sezonu-sedm-plus-jeden-duvodu-proc-se-vydat-na-dovolenou-do-san-benedetta-del-tronto\/\",\"url\":\"https:\/\/www.hotelposeidon.it\/cs\/mimo-sezonu-sedm-plus-jeden-duvodu-proc-se-vydat-na-dovolenou-do-san-benedetta-del-tronto\/\",\"name\":\"Mimo sez\u00f3nu: sedm (plus jeden) d\u016fvod\u016f, pro\u010d se vydat na dovolenou do San Benedetta del Tronto - Hotel Poseidon San Benedetto del Tronto\",\"isPartOf\":{\"@id\":\"https:\/\/www.hotelposeidon.it\/cs\/#website\"},\"datePublished\":\"2022-05-28T15:46:57+00:00\",\"dateModified\":\"2024-02-21T17:21:45+00:00\",\"author\":{\"@id\":\"https:\/\/www.hotelposeidon.it\/cs\/#\/schema\/person\/fb836e4cb99a80f6b5bb5574f614651e\"},\"breadcrumb\":{\"@id\":\"https:\/\/www.hotelposeidon.it\/cs\/mimo-sezonu-sedm-plus-jeden-duvodu-proc-se-vydat-na-dovolenou-do-san-benedetta-del-tronto\/#breadcrumb\"},\"inLanguage\":\"cs\",\"potentialAction\":[{\"@type\":\"ReadAction\",\"target\":[\"https:\/\/www.hotelposeidon.it\/cs\/mimo-sezonu-sedm-plus-jeden-duvodu-proc-se-vydat-na-dovolenou-do-san-benedetta-del-tronto\/\"]}]},{\"@type\":\"BreadcrumbList\",\"@id\":\"https:\/\/www.hotelposeidon.it\/cs\/mimo-sezonu-sedm-plus-jeden-duvodu-proc-se-vydat-na-dovolenou-do-san-benedetta-del-tronto\/#breadcrumb\",\"itemListElement\":[{\"@type\":\"ListItem\",\"position\":1,\"name\":\"Home\",\"item\":\"https:\/\/www.hotelposeidon.it\/cs\/3hvezdickovy-hotel-na-plazi\/\"},{\"@type\":\"ListItem\",\"position\":2,\"name\":\"Mimo sez\u00f3nu: sedm (plus jeden) d\u016fvod\u016f, pro\u010d se vydat na dovolenou do San Benedetta del Tronto\"}]},{\"@type\":\"WebSite\",\"@id\":\"https:\/\/www.hotelposeidon.it\/cs\/#website\",\"url\":\"https:\/\/www.hotelposeidon.it\/cs\/\",\"name\":\"Hotel Poseidon San Benedetto del Tronto\",\"description\":\"Hotel 3 stelle prima fila mare\",\"potentialAction\":[{\"@type\":\"SearchAction\",\"target\":{\"@type\":\"EntryPoint\",\"urlTemplate\":\"https:\/\/www.hotelposeidon.it\/cs\/?s={search_term_string}\"},\"query-input\":\"required name=search_term_string\"}],\"inLanguage\":\"cs\"},{\"@type\":\"Person\",\"@id\":\"https:\/\/www.hotelposeidon.it\/cs\/#\/schema\/person\/fb836e4cb99a80f6b5bb5574f614651e\",\"name\":\"Hotel Poseidon\",\"image\":{\"@type\":\"ImageObject\",\"inLanguage\":\"cs\",\"@id\":\"https:\/\/www.hotelposeidon.it\/cs\/#\/schema\/person\/image\/\",\"url\":\"https:\/\/secure.gravatar.com\/avatar\/2fce35968e9dfc0e6ff443369067af4d7e2722b203059184a96ad255a50ee628?s=96&d=mm&r=g\",\"contentUrl\":\"https:\/\/secure.gravatar.com\/avatar\/2fce35968e9dfc0e6ff443369067af4d7e2722b203059184a96ad255a50ee628?s=96&d=mm&r=g\",\"caption\":\"Hotel Poseidon\"},\"sameAs\":[\"https:\/\/www.hotelposeidon.it\"],\"url\":\"https:\/\/www.hotelposeidon.it\/cs\/author\/daniele_gaq80pk9\/\"}]}<\/script>\n<!-- \/ Yoast SEO plugin. -->","yoast_head_json":{"title":"Mimo sez\u00f3nu: sedm (plus jeden) d\u016fvod\u016f, pro\u010d se vydat na dovolenou do San Benedetta del Tronto - Hotel Poseidon San Benedetto del Tronto","robots":{"index":"index","follow":"follow","max-snippet":"max-snippet:-1","max-image-preview":"max-image-preview:large","max-video-preview":"max-video-preview:-1"},"canonical":"https:\/\/www.hotelposeidon.it\/cs\/mimo-sezonu-sedm-plus-jeden-duvodu-proc-se-vydat-na-dovolenou-do-san-benedetta-del-tronto\/","og_locale":"cs_CZ","og_type":"article","og_title":"Mimo sez\u00f3nu: sedm (plus jeden) d\u016fvod\u016f, pro\u010d se vydat na dovolenou do San Benedetta del Tronto - Hotel Poseidon San Benedetto del Tronto","og_url":"https:\/\/www.hotelposeidon.it\/cs\/mimo-sezonu-sedm-plus-jeden-duvodu-proc-se-vydat-na-dovolenou-do-san-benedetta-del-tronto\/","og_site_name":"Hotel Poseidon San Benedetto del Tronto","article_published_time":"2022-05-28T15:46:57+00:00","article_modified_time":"2024-02-21T17:21:45+00:00","og_image":[{"width":1534,"height":1024,"url":"https:\/\/www.hotelposeidon.it\/wp-content\/uploads\/2022\/05\/molo-sud-san-benedetto-del-tronto-museo-arte-mare-4.jpg","type":"image\/jpeg"}],"author":"Hotel Poseidon","twitter_card":"summary_large_image","twitter_misc":{"Napsal(a)":"Hotel Poseidon","Odhadovan\u00e1 doba \u010dten\u00ed":"13 minut"},"schema":{"@context":"https:\/\/schema.org","@graph":[{"@type":"WebPage","@id":"https:\/\/www.hotelposeidon.it\/cs\/mimo-sezonu-sedm-plus-jeden-duvodu-proc-se-vydat-na-dovolenou-do-san-benedetta-del-tronto\/","url":"https:\/\/www.hotelposeidon.it\/cs\/mimo-sezonu-sedm-plus-jeden-duvodu-proc-se-vydat-na-dovolenou-do-san-benedetta-del-tronto\/","name":"Mimo sez\u00f3nu: sedm (plus jeden) d\u016fvod\u016f, pro\u010d se vydat na dovolenou do San Benedetta del Tronto - Hotel Poseidon San Benedetto del Tronto","isPartOf":{"@id":"https:\/\/www.hotelposeidon.it\/cs\/#website"},"datePublished":"2022-05-28T15:46:57+00:00","dateModified":"2024-02-21T17:21:45+00:00","author":{"@id":"https:\/\/www.hotelposeidon.it\/cs\/#\/schema\/person\/fb836e4cb99a80f6b5bb5574f614651e"},"breadcrumb":{"@id":"https:\/\/www.hotelposeidon.it\/cs\/mimo-sezonu-sedm-plus-jeden-duvodu-proc-se-vydat-na-dovolenou-do-san-benedetta-del-tronto\/#breadcrumb"},"inLanguage":"cs","potentialAction":[{"@type":"ReadAction","target":["https:\/\/www.hotelposeidon.it\/cs\/mimo-sezonu-sedm-plus-jeden-duvodu-proc-se-vydat-na-dovolenou-do-san-benedetta-del-tronto\/"]}]},{"@type":"BreadcrumbList","@id":"https:\/\/www.hotelposeidon.it\/cs\/mimo-sezonu-sedm-plus-jeden-duvodu-proc-se-vydat-na-dovolenou-do-san-benedetta-del-tronto\/#breadcrumb","itemListElement":[{"@type":"ListItem","position":1,"name":"Home","item":"https:\/\/www.hotelposeidon.it\/cs\/3hvezdickovy-hotel-na-plazi\/"},{"@type":"ListItem","position":2,"name":"Mimo sez\u00f3nu: sedm (plus jeden) d\u016fvod\u016f, pro\u010d se vydat na dovolenou do San Benedetta del Tronto"}]},{"@type":"WebSite","@id":"https:\/\/www.hotelposeidon.it\/cs\/#website","url":"https:\/\/www.hotelposeidon.it\/cs\/","name":"Hotel Poseidon San Benedetto del Tronto","description":"Hotel 3 stelle prima fila mare","potentialAction":[{"@type":"SearchAction","target":{"@type":"EntryPoint","urlTemplate":"https:\/\/www.hotelposeidon.it\/cs\/?s={search_term_string}"},"query-input":"required name=search_term_string"}],"inLanguage":"cs"},{"@type":"Person","@id":"https:\/\/www.hotelposeidon.it\/cs\/#\/schema\/person\/fb836e4cb99a80f6b5bb5574f614651e","name":"Hotel Poseidon","image":{"@type":"ImageObject","inLanguage":"cs","@id":"https:\/\/www.hotelposeidon.it\/cs\/#\/schema\/person\/image\/","url":"https:\/\/secure.gravatar.com\/avatar\/2fce35968e9dfc0e6ff443369067af4d7e2722b203059184a96ad255a50ee628?s=96&d=mm&r=g","contentUrl":"https:\/\/secure.gravatar.com\/avatar\/2fce35968e9dfc0e6ff443369067af4d7e2722b203059184a96ad255a50ee628?s=96&d=mm&r=g","caption":"Hotel Poseidon"},"sameAs":["https:\/\/www.hotelposeidon.it"],"url":"https:\/\/www.hotelposeidon.it\/cs\/author\/daniele_gaq80pk9\/"}]}},"_links":{"self":[{"href":"https:\/\/www.hotelposeidon.it\/cs\/wp-json\/wp\/v2\/posts\/23383","targetHints":{"allow":["GET"]}}],"collection":[{"href":"https:\/\/www.hotelposeidon.it\/cs\/wp-json\/wp\/v2\/posts"}],"about":[{"href":"https:\/\/www.hotelposeidon.it\/cs\/wp-json\/wp\/v2\/types\/post"}],"author":[{"embeddable":true,"href":"https:\/\/www.hotelposeidon.it\/cs\/wp-json\/wp\/v2\/users\/1"}],"replies":[{"embeddable":true,"href":"https:\/\/www.hotelposeidon.it\/cs\/wp-json\/wp\/v2\/comments?post=23383"}],"version-history":[{"count":1,"href":"https:\/\/www.hotelposeidon.it\/cs\/wp-json\/wp\/v2\/posts\/23383\/revisions"}],"predecessor-version":[{"id":23407,"href":"https:\/\/www.hotelposeidon.it\/cs\/wp-json\/wp\/v2\/posts\/23383\/revisions\/23407"}],"wp:featuredmedia":[{"embeddable":true,"href":"https:\/\/www.hotelposeidon.it\/cs\/wp-json\/wp\/v2\/media\/23203"}],"wp:attachment":[{"href":"https:\/\/www.hotelposeidon.it\/cs\/wp-json\/wp\/v2\/media?parent=23383"}],"wp:term":[{"taxonomy":"category","embeddable":true,"href":"https:\/\/www.hotelposeidon.it\/cs\/wp-json\/wp\/v2\/categories?post=23383"},{"taxonomy":"post_tag","embeddable":true,"href":"https:\/\/www.hotelposeidon.it\/cs\/wp-json\/wp\/v2\/tags?post=23383"}],"curies":[{"name":"wp","href":"https:\/\/api.w.org\/{rel}","templated":true}]}}